{"id":987509475,"date":"2026-04-22T11:48:33","date_gmt":"2026-04-22T11:48:33","guid":{"rendered":"https:\/\/easoventures.es\/?p=987509475"},"modified":"2026-04-22T11:50:21","modified_gmt":"2026-04-22T11:50:21","slug":"madrid-acoge-el-primer-panel-de-la-onu-sobre-ia-es-el-nuevo-proyecto-manhattan-advierte-su-unico-miembro-espanol","status":"publish","type":"post","link":"https:\/\/easoventures.es\/en\/madrid-acoge-el-primer-panel-de-la-onu-sobre-ia-es-el-nuevo-proyecto-manhattan-advierte-su-unico-miembro-espanol\/","title":{"rendered":"Madrid acoge el primer panel de la ONU sobre IA: \u00abEs el nuevo proyecto Manhattan\u00bb, advierte su \u00fanico miembro espa\u00f1ol"},"content":{"rendered":"<p class=\"c-paragraph\"><b>La inteligencia artificial ha dejado de ser una promesa tecnol\u00f3gica<\/b>\u00a0para convertirse en una fuerza capaz de reconfigurar econom\u00edas, sistemas pol\u00edticos y la vida cotidiana de millones de personas. En ese contexto, y ante la sensaci\u00f3n creciente de que\u00a0<b>su desarrollo avanza m\u00e1s r\u00e1pido que su regulaci\u00f3n<\/b>, Naciones Unidas ha decidido dar un paso que hasta ahora no exist\u00eda: crear su\u00a0<b>primer gran \u00f3rgano cient\u00edfico global\u00a0<\/b>dedicado exclusivamente a la IA, una materializaci\u00f3n m\u00e1s concreta\u00a0<a class=\"trk-relacionada-intext\" title=\"Primera cumbre mundial sobre inteligencia artificial: lo que se ha decidido y c\u00f3mo te puede afectar\" href=\"https:\/\/www.20minutos.es\/tecnologia\/inteligencia-artificial\/primera-cumbre-mundial-sobre-inteligencia-artificial-que-se-ha-decidido-como-te-puede-afectar_5187230_0.html\" target=\"_blank\" rel=\"noopener\" data-mrf-recirculation=\"Articulo - Enlaces en p\u00e1rrafos\" data-mrf-link=\"https:\/\/www.20minutos.es\/tecnologia\/inteligencia-artificial\/primera-cumbre-mundial-sobre-inteligencia-artificial-que-se-ha-decidido-como-te-puede-afectar_5187230_0.html\">de una cumbre anterior<\/a>, emergida tras es tsunami que produjo el nacimiento de ChatGPT.<\/p>\n<p class=\"c-paragraph\">Ese organismo, el Panel Cient\u00edfico Internacional Independiente sobre Inteligencia Artificial, inicia este\u00a0<b>22 de abril su primera reuni\u00f3n presencial, que se celebrar\u00e1 en Madrid<\/b>\u00a0y que marcar\u00e1 el arranque operativo de un grupo de 40 expertos llamado a influir en la gobernanza global de esta tecnolog\u00eda en los pr\u00f3ximos a\u00f1os.<\/p>\n<p class=\"c-paragraph\">La creaci\u00f3n del panel, aprobada por la\u00a0<b>Asamblea General de la ONU<\/b>\u00a0en agosto de 2025, responde a una preocupaci\u00f3n que se ha ido instalando progresivamente en el debate internacional: c\u00f3mo gestionar\u00a0<b>una tecnolog\u00eda con un potencial transformador comparable al de las grandes revoluciones industriales<\/b>, pero cuya evoluci\u00f3n es mucho m\u00e1s r\u00e1pida y dif\u00edcil de anticipar.<\/p>\n<p class=\"c-paragraph\">La propia ONU lo plantea en t\u00e9rminos casi fundacionales. No se trata \u00fanicamente de entender c\u00f3mo funcionan los algoritmos o de medir su impacto econ\u00f3mico, sino de abordar una cuesti\u00f3n m\u00e1s profunda: qu\u00e9 papel deben ocupar los humanos en un entorno cada vez m\u00e1s automatizado y\u00a0<b>c\u00f3mo evitar que el desarrollo de la inteligencia artificial derive en escenarios dif\u00edciles de controlar<\/b>.<\/p>\n<p class=\"c-paragraph\">El Panel \u201ctiene el mandato de elaborar\u00a0<b>un informe anual\u00a0<\/b>con evaluaciones cient\u00edficas basadas en evidencia sobre las oportunidades, los riesgos y los impactos de la inteligencia artificial\u201d. As\u00ed, aspira a convertirse en un\u00a0<b>puente entre el conocimiento cient\u00edfico y la toma de decisiones pol\u00edticas<\/b>, con el objetivo de orientar una posible gobernanza internacional de la IA.<\/p>\n<p>La dimensi\u00f3n del panel queda clara en las propias palabras del secretario general de la ONU, Ant\u00f3nio Guterres, que en su intervenci\u00f3n ante los miembros lo defini\u00f3 como \u201c<b>un organismo cient\u00edfico global como no ha existido antes<\/b>\u201d, llamado a ayudar a \u201cdar forma al desarrollo de la inteligencia artificial en beneficio de la humanidad, mientras a\u00fan estamos a tiempo\u201d. Para Guterres, el contexto actual es especialmente delicado: \u201c<b>Nunca en el futuro avanzaremos tan despacio como ahora<\/b>\u201d, advirti\u00f3, subrayando la velocidad a la que est\u00e1 evolucionando esta tecnolog\u00eda y la dificultad de que un solo pa\u00eds o empresa pueda comprender todo su alcance.<\/p>\n<h4 class=\"c-paragraph__title\">Madrid, punto de partida de un panel diverso<\/h4>\n<p class=\"c-paragraph\">Tras un encuentro virtual inicial realizado el pasado 3 de marzo,\u00a0<b>l<\/b><b>a primera reuni\u00f3n presencial del panel se celebra entre el 22 y el 24 de abril en Madrid<\/b>, seg\u00fan confirm\u00f3 el ministro de Espa\u00f1a para la Transformaci\u00f3n Digital y de la Funci\u00f3n P\u00fablica, \u00d3scar L\u00f3pez, la semana pasada.<\/p>\n<p class=\"c-paragraph\">La elecci\u00f3n del lugar se entiende mejor si se observa el contexto.\u00a0<b>Espa\u00f1a ha sido, junto a Costa Rica, uno de los pa\u00edses que ha \u201ccofacilitado\u201d el proceso intergubernamental que dio lugar a la creaci\u00f3n del panel\u00a0<\/b>y en los \u00faltimos meses ha intensificado su apuesta por la gobernanza internacional de la inteligencia artificial. Ejemplo de ello es el futuro\u00a0<i>AI Governance for Humanity Lab<\/i>\u00a0de la ONU en Valencia, financiado por el Ejecutivo espa\u00f1ol.<\/p>\n<p class=\"c-paragraph\">Lejos de ser un comit\u00e9 estrictamente acad\u00e9mico,\u00a0<b>el panel re\u00fane perfiles muy distintos<\/b>. Los 40 miembros fueron elegidos a partir de una convocatoria abierta internacional que recibi\u00f3\u00a0<b>m\u00e1s de 2.600 candidaturas procedentes de m\u00e1s de 140 pa\u00edses<\/b>, seg\u00fan datos de Naciones Unidas. Tras una evaluaci\u00f3n basada en m\u00e9ritos, experiencia y enfoque multidisciplinar, el Secretario General propuso una lista que fue aprobada por la Asamblea General en febrero de 2026.<\/p>\n<p class=\"c-paragraph\">El grupo, con 19 mujeres y 21 hombres, engloba\u00a0<b>el \u00e1mbito acad\u00e9mico, el sector privado, la sociedad civil y las organizaciones internacionales<\/b>\u00a0y est\u00e1 copresidido por Yoshua Bengio, premio Turing, y la periodista filipina y Premio Nobel de la Paz\u00a0<a class=\"trk-relacionada-intext\" title=\"El Nobel de la Paz reconoce a la periodista filipina Mar\u00eda Ressa y al ruso Dmitry Muratov por defender la libertad de expresi\u00f3n\" href=\"https:\/\/www.20minutos.es\/noticia\/4848888\/0\/el-nobel-de-la-paz-reconoce-los-esfuerzos-de-maria-ressa-y-dmitry-muratov-para-defender-la-libertad-de-expresion\/\" target=\"_blank\" rel=\"noopener\" data-mrf-recirculation=\"Articulo - Enlaces en p\u00e1rrafos\" data-mrf-link=\"https:\/\/www.20minutos.es\/noticia\/4848888\/0\/el-nobel-de-la-paz-reconoce-los-esfuerzos-de-maria-ressa-y-dmitry-muratov-para-defender-la-libertad-de-expresion\/\">Maria Ressa<\/a>.<\/p>\n<p class=\"c-paragraph\">Adem\u00e1s, los miembros act\u00faan a t\u00edtulo personal y de forma independiente, con la obligaci\u00f3n de declarar posibles conflictos de inter\u00e9s, un requisito con el que la ONU busca reforzar la credibilidad cient\u00edfica del panel en un contexto especialmente sensible.<\/p>\n<h4 class=\"c-paragraph__title\">Rom\u00e1n Or\u00fas, el \u00fanico espa\u00f1ol entre los 40 expertos<\/h4>\n<p class=\"c-paragraph\">En ese grupo hay un \u00fanico representante espa\u00f1ol:\u00a0<b>Rom\u00e1n Or\u00fas, f\u00edsico especializado en computaci\u00f3n cu\u00e1ntica<\/b>\u00a0y uno de los nombres m\u00e1s reconocidos en la intersecci\u00f3n entre inteligencia artificial y tecnolog\u00edas emergentes.<\/p>\n<p class=\"c-paragraph\">Or\u00fas es cofundador y director cient\u00edfico de Multiverse Computing y profesor de investigaci\u00f3n Ikerbasque en el Donostia International Physics Center, ambos en San Sebasti\u00e1n, y su perfil responde a ese enfoque h\u00edbrido que busca el panel, donde la investigaci\u00f3n acad\u00e9mica convive con la aplicaci\u00f3n industrial.<\/p>\n<p class=\"c-paragraph\">M\u00e1s all\u00e1 de su papel institucional,\u00a0<b>Or\u00fas ofrece una visi\u00f3n especialmente clara \u2014y en ocasiones contundente\u2014 sobre el momento que atraviesa la inteligencia artificial<\/b>. En declaraciones a EFE, el cient\u00edfico compara su desarrollo con uno de los episodios m\u00e1s decisivos del siglo XX:\u00a0<b>\u201cLa IA es casi el nuevo \u2018proyecto Manhattan\u2019<\/b>. Y cuando surge una tecnolog\u00eda de este calibre y con esta capacidad no se puede dejar simplemente suelta\u201d.<\/p>\n<p class=\"c-paragraph\">La comparaci\u00f3n no es casual. Al igual que ocurri\u00f3 con la energ\u00eda nuclear, la cuesti\u00f3n no es solo el potencial tecnol\u00f3gico, sino<b>\u00a0la necesidad de establecer l\u00edmites y marcos de control que eviten consecuencias indeseadas<\/b>.<\/p>\n<p class=\"c-paragraph\">En esa l\u00ednea, Or\u00fas insiste en que la inteligencia artificial no es una tecnolog\u00eda m\u00e1s, sino un\u00a0<b>fen\u00f3meno \u201ctransversal\u201d<\/b>\u00a0que est\u00e1 transformando la sociedad en todos sus niveles, hasta el punto de que, en su opini\u00f3n, nos encontramos ya en \u201c<b>una nueva\u00a0<\/b><b>R<\/b><b>evoluci\u00f3n\u00a0<\/b><b>I<\/b><b>ndustrial<\/b>\u201d. \u201cQuiero entender que esto es en beneficio de la humanidad y no para destruirnos entre todos\u201d, prosigue Or\u00fas, guiado por un \u201coptimismo cient\u00edfico\u201d.<\/p>\n<p class=\"c-paragraph\">Sin embargo, el propio experto introduce un matiz que suele quedar fuera del discurso m\u00e1s optimista: pese a los avances, la IA sigue estando en una fase muy temprana. \u201c<b>Estamos en la Edad de Piedra de la IA<\/b>\u201d, advierte, subrayando que los sistemas actuales, por sofisticados que parezcan, son todav\u00eda limitados, ineficientes y extremadamente costosos en t\u00e9rminos energ\u00e9ticos. Para explicarlo, recurre a una imagen que resume bien esa paradoja:\u00a0<b>\u201cLos modelos que tenemos son como los carros que hab\u00eda en Egipto miles de a\u00f1os antes de Cristo comparados con la nave \u2018Enterprise\u2019\u201d<\/b>.<\/p>\n<p class=\"c-paragraph\">A su juicio, queda a\u00fan un largo recorrido tanto en el desarrollo del\u00a0<i>software<\/i>\u00a0como del\u00a0<i>hardware<\/i>, y la propia naturaleza sigue siendo, en muchos aspectos, mejor que cualquier sistema artificial: \u201c<b>L<\/b><b>a inteligencia biol\u00f3gica es infinitamente m\u00e1s eficiente<\/b>\u201d.<\/p>\n<p class=\"c-paragraph\">\u201c<b>A un ni\u00f1o no tienes que ponerlo al lado de una central at\u00f3mica para que aprenda a hablar y lo hace<\/b>. Sin embargo, para un modelo de IA a lo mejor hace falta invertir m\u00e1s de mil millones de euros en factura de la luz y luego todav\u00eda tiene \u2018alucinaciones\u2019\u201d, concluye.<\/p>\n<p><a href=\"https:\/\/www.20minutos.es\/tecnologia\/inteligencia-artificial\/panel-ia-onu-madrid-roman-orus-proyecto-manhattan_6960811_0.html\">Fuente: 20Minutos<\/a><\/p>","protected":false},"excerpt":{"rendered":"<p>La inteligencia artificial ha dejado de ser una promesa tecnol\u00f3gica\u00a0para convertirse en una fuerza capaz de reconfigurar econom\u00edas, sistemas pol\u00edticos y la vida cotidiana de millones de personas. En ese contexto, y ante la sensaci\u00f3n creciente de que\u00a0su desarrollo avanza m\u00e1s r\u00e1pido que su regulaci\u00f3n, Naciones Unidas ha decidido dar un paso que hasta ahora [&hellip;]<\/p>\n","protected":false},"author":6,"featured_media":987509476,"comment_status":"open","ping_status":"open","sticky":false,"template":"","format":"standard","meta":{"_et_pb_use_builder":"","_et_pb_old_content":"","_et_gb_content_width":"","slim_seo":{"title":"Madrid acoge el primer panel de la ONU sobre IA: \"Es el nuevo proyecto Manhattan\", advierte su \u00fanico miembro espa\u00f1ol - Easo Ventures","description":"La inteligencia artificial ha dejado de ser una promesa tecnol\u00f3gica \u00a0para convertirse en una fuerza capaz de reconfigurar econom\u00edas, sistemas pol\u00edticos y la vid"},"footnotes":""},"categories":[9],"tags":[],"class_list":["post-987509475","post","type-post","status-publish","format-standard","has-post-thumbnail","hentry","category-actualidad"],"jetpack_featured_media_url":"https:\/\/easoventures.es\/wp-content\/uploads\/2026\/04\/Roman-Orus-fisico-y-experto-en-computacion-cuantica.png","_links":{"self":[{"href":"https:\/\/easoventures.es\/en\/wp-json\/wp\/v2\/posts\/987509475","targetHints":{"allow":["GET"]}}],"collection":[{"href":"https:\/\/easoventures.es\/en\/wp-json\/wp\/v2\/posts"}],"about":[{"href":"https:\/\/easoventures.es\/en\/wp-json\/wp\/v2\/types\/post"}],"author":[{"embeddable":true,"href":"https:\/\/easoventures.es\/en\/wp-json\/wp\/v2\/users\/6"}],"replies":[{"embeddable":true,"href":"https:\/\/easoventures.es\/en\/wp-json\/wp\/v2\/comments?post=987509475"}],"version-history":[{"count":2,"href":"https:\/\/easoventures.es\/en\/wp-json\/wp\/v2\/posts\/987509475\/revisions"}],"predecessor-version":[{"id":987509478,"href":"https:\/\/easoventures.es\/en\/wp-json\/wp\/v2\/posts\/987509475\/revisions\/987509478"}],"wp:featuredmedia":[{"embeddable":true,"href":"https:\/\/easoventures.es\/en\/wp-json\/wp\/v2\/media\/987509476"}],"wp:attachment":[{"href":"https:\/\/easoventures.es\/en\/wp-json\/wp\/v2\/media?parent=987509475"}],"wp:term":[{"taxonomy":"category","embeddable":true,"href":"https:\/\/easoventures.es\/en\/wp-json\/wp\/v2\/categories?post=987509475"},{"taxonomy":"post_tag","embeddable":true,"href":"https:\/\/easoventures.es\/en\/wp-json\/wp\/v2\/tags?post=987509475"}],"curies":[{"name":"wp","href":"https:\/\/api.w.org\/{rel}","templated":true}]}}